{"id":244,"date":"2012-01-20T19:37:45","date_gmt":"2012-01-20T18:37:45","guid":{"rendered":"http:\/\/bergers-polonais.com\/nizinny\/2012\/01\/20\/2009-14\/"},"modified":"2012-01-20T19:37:45","modified_gmt":"2012-01-20T18:37:45","slug":"2009-14","status":"publish","type":"post","link":"https:\/\/bergers-polonais.com\/nizinny\/2012\/01\/20\/2009-14\/","title":{"rendered":"Ustron POLOGNE 05\/07\/2009"},"content":{"rendered":"<p>SACHA Ponadto CHABER CWC NDPwR Meilleur de Race<\/p>\n<p><strong>2 \u00e8me du GROUPE FCI 1 handler : Ania<\/strong><br \/><strong>gr\u00e2ce \u00e0 ce r\u00e9sultat acquis sur le pacours du Championnat de Pologne, SACHA est maintenant CHAMPION de POLOGNE<\/strong><\/p>\n","protected":false},"excerpt":{"rendered":"<p>SACHA Ponadto CHABER CWC NDPwR Meilleur de Race 2 \u00e8me du GROUPE FCI 1 handler : Aniagr\u00e2ce \u00e0 ce r\u00e9sultat acquis sur le pacours du Championnat de Pologne, SACHA est maintenant CHAMPION de POLOGNE<\/p>\n","protected":false},"author":1,"featured_media":0,"comment_status":"closed","ping_status":"closed","sticky":false,"template":"","format":"standard","meta":[],"categories":[27],"tags":[],"_links":{"self":[{"href":"https:\/\/bergers-polonais.com\/nizinny\/wp-json\/wp\/v2\/posts\/244"}],"collection":[{"href":"https:\/\/bergers-polonais.com\/nizinny\/wp-json\/wp\/v2\/posts"}],"about":[{"href":"https:\/\/bergers-polonais.com\/nizinny\/wp-json\/wp\/v2\/types\/post"}],"author":[{"embeddable":true,"href":"https:\/\/bergers-polonais.com\/nizinny\/wp-json\/wp\/v2\/users\/1"}],"replies":[{"embeddable":true,"href":"https:\/\/bergers-polonais.com\/nizinny\/wp-json\/wp\/v2\/comments?post=244"}],"version-history":[{"count":0,"href":"https:\/\/bergers-polonais.com\/nizinny\/wp-json\/wp\/v2\/posts\/244\/revisions"}],"wp:attachment":[{"href":"https:\/\/bergers-polonais.com\/nizinny\/wp-json\/wp\/v2\/media?parent=244"}],"wp:term":[{"taxonomy":"category","embeddable":true,"href":"https:\/\/bergers-polonais.com\/nizinny\/wp-json\/wp\/v2\/categories?post=244"},{"taxonomy":"post_tag","embeddable":true,"href":"https:\/\/bergers-polonais.com\/nizinny\/wp-json\/wp\/v2\/tags?post=244"}],"curies":[{"name":"wp","href":"https:\/\/api.w.org\/{rel}","templated":true}]}}